{"id":26483,"date":"2025-06-05T10:19:13","date_gmt":"2025-06-05T08:19:13","guid":{"rendered":"https:\/\/www.promec-srl.com\/?p=26483"},"modified":"2026-03-24T10:24:55","modified_gmt":"2026-03-24T09:24:55","slug":"promec-group-au-propak-asia-2025-expansion-sur-les-marches-asiatiques-avec-des-solutions-technologiques-avancees","status":"publish","type":"post","link":"https:\/\/www.promec-srl.com\/fr\/promec-group-au-propak-asia-2025-expansion-sur-les-marches-asiatiques-avec-des-solutions-technologiques-avancees\/","title":{"rendered":"Promec Group au Propak Asia 2025: Expansion sur les March\u00e9s Asiatiques avec des Solutions Technologiques Avanc\u00e9es"},"content":{"rendered":"<section class=\" vc_custom_1749111525013\"><div class=\"container\"><div class=\"row\"><div class=\"wpb_column hcode-column-container vc_col-sm-12 col-xs-mobile-fullwidth\" data-front-class=\"col-xs-mobile-fullwidth\"><div class=\"vc-column-innner-wrapper\"><p>Le Groupe Promec sera pr\u00e9sent du 11 au 14 juin 2025 \u00e0 Propak Asia 2025, le plus important salon d'Asie du Sud-Est consacr\u00e9 aux secteurs de l'alimentation, des boissons et des produits pharmaceutiques.<\/p>\n<p>Il s'agit d'un salon de <strong>port\u00e9e internationale<\/strong>, qui va bien au-del\u00e0 du march\u00e9 tha\u00eflandais et concerne toute l'Asie : de la Chine \u00e0 l'Inde, de la Cor\u00e9e au Japon, jusqu'aux pays de la zone ASEAN. Un rendez-vous strat\u00e9gique pour les entreprises du secteur, reconnu pour le haut niveau de participation et la qualit\u00e9 des contacts.<\/p>\n<p>La Tha\u00eflande repr\u00e9sente aujourd'hui l'un des principaux march\u00e9s pour les exportations italiennes, avec un volume d'exportation qui, en 2024, d\u00e9passera les <strong>deux milliards d'euros<\/strong>.<\/p>\n<p>\u00catre pr\u00e9sent \u00e0 PROPAK ASIA signifie <strong>consolider sa position<\/strong> dans une zone en plein d\u00e9veloppement, renforcer les relations avec les op\u00e9rateurs locaux et \u00e9largir les opportunit\u00e9s d'affaires.<\/p>\n<p>Nous vous invitons \u00e0 nous rendre visite au STAND AE53, o\u00f9 nous pr\u00e9senterons les derni\u00e8res solutions et technologies d'emballage et de manutention, confirmant ainsi notre engagement constant envers les march\u00e9s internationaux les plus dynamiques.<\/p>\n<p>Nous vous donnons rendez-vous du 11 au 14 juin 2025 \u00e0 Bangkok!<\/p>\n<\/div><\/div><\/div><\/div><\/section><section><div class=\"container\"><div class=\"row\"><div class=\"wpb_column hcode-column-container vc_col-sm-12 col-xs-mobile-fullwidth\" data-front-class=\"col-xs-mobile-fullwidth\"><div class=\"vc-column-innner-wrapper\">[vc_single_image image=\"26475\" img_size=\"full\" alignment=\"center\"]<\/div><\/div><\/div><\/div><\/section>","protected":false},"excerpt":{"rendered":"<p>Le Groupe Promec sera pr\u00e9sent du 11 au 14 juin 2025 \u00e0 Propak Asia 2025, le plus important salon d&rsquo;Asie du Sud-Est consacr\u00e9 aux secteurs de l&rsquo;alimentation, des boissons et des produits pharmaceutiques. Il s&rsquo;agit d&rsquo;un salon de port\u00e9e internationale, qui va bien au-del\u00e0 du march\u00e9 tha\u00eflandais et concerne toute l&rsquo;Asie : de la Chine [&hellip;]<\/p>\n","protected":false},"author":10,"featured_media":26475,"comment_status":"closed","ping_status":"closed","sticky":false,"template":"","format":"standard","meta":{"footnotes":""},"categories":[223],"tags":[],"class_list":["post-26483","post","type-post","status-publish","format-standard","has-post-thumbnail","hentry","category-news-fr"],"yoast_head":"<!-- This site is optimized with the Yoast SEO plugin v27.5 - https:\/\/yoast.com\/product\/yoast-seo-wordpress\/ -->\n<title>Promec Group au Propak Asia 2025: Expansion sur les March\u00e9s Asiatiques avec des Solutions Technologiques Avanc\u00e9es - Promec<\/title>\n<meta name=\"robots\" content=\"index, follow, max-snippet:-1, max-image-preview:large, max-video-preview:-1\" \/>\n<link rel=\"canonical\" href=\"https:\/\/www.promec-srl.com\/fr\/promec-group-au-propak-asia-2025-expansion-sur-les-marches-asiatiques-avec-des-solutions-technologiques-avancees\/\" \/>\n<meta property=\"og:locale\" content=\"fr_FR\" \/>\n<meta property=\"og:type\" content=\"article\" \/>\n<meta property=\"og:title\" content=\"Promec Group au Propak Asia 2025: Expansion sur les March\u00e9s Asiatiques avec des Solutions Technologiques Avanc\u00e9es - Promec\" \/>\n<meta property=\"og:description\" content=\"Le Groupe Promec sera pr\u00e9sent du 11 au 14 juin 2025 \u00e0 Propak Asia 2025, le plus important salon d&#039;Asie du Sud-Est consacr\u00e9 aux secteurs de l&#039;alimentation, des boissons et des produits pharmaceutiques. Il s&#039;agit d&#039;un salon de port\u00e9e internationale, qui va bien au-del\u00e0 du march\u00e9 tha\u00eflandais et concerne toute l&#039;Asie : de la Chine [&hellip;]\" \/>\n<meta property=\"og:url\" content=\"https:\/\/www.promec-srl.com\/fr\/promec-group-au-propak-asia-2025-expansion-sur-les-marches-asiatiques-avec-des-solutions-technologiques-avancees\/\" \/>\n<meta property=\"og:site_name\" content=\"Promec\" \/>\n<meta property=\"article:published_time\" content=\"2025-06-05T08:19:13+00:00\" \/>\n<meta property=\"article:modified_time\" content=\"2026-03-24T09:24:55+00:00\" \/>\n<meta property=\"og:image\" content=\"https:\/\/www.promec-srl.com\/wp-content\/uploads\/2025\/06\/Visual-ProPack-2025-e1749115652570.jpg\" \/>\n\t<meta property=\"og:image:width\" content=\"1500\" \/>\n\t<meta property=\"og:image:height\" content=\"1000\" \/>\n\t<meta property=\"og:image:type\" content=\"image\/jpeg\" \/>\n<meta name=\"author\" content=\"Promec\" \/>\n<meta name=\"twitter:card\" content=\"summary_large_image\" \/>\n<meta name=\"twitter:label1\" content=\"\u00c9crit par\" \/>\n\t<meta name=\"twitter:data1\" content=\"Promec\" \/>\n\t<meta name=\"twitter:label2\" content=\"Dur\u00e9e de lecture estim\u00e9e\" \/>\n\t<meta name=\"twitter:data2\" content=\"1 minute\" \/>\n<script type=\"application\/ld+json\" class=\"yoast-schema-graph\">{\"@context\":\"https:\\\/\\\/schema.org\",\"@graph\":[{\"@type\":\"Article\",\"@id\":\"https:\\\/\\\/www.promec-srl.com\\\/fr\\\/promec-group-au-propak-asia-2025-expansion-sur-les-marches-asiatiques-avec-des-solutions-technologiques-avancees\\\/#article\",\"isPartOf\":{\"@id\":\"https:\\\/\\\/www.promec-srl.com\\\/fr\\\/promec-group-au-propak-asia-2025-expansion-sur-les-marches-asiatiques-avec-des-solutions-technologiques-avancees\\\/\"},\"author\":{\"name\":\"Promec\",\"@id\":\"https:\\\/\\\/www.promec-srl.com\\\/#\\\/schema\\\/person\\\/44f25bb0b541a0c06a07ce5ec17f2098\"},\"headline\":\"Promec Group au Propak Asia 2025: Expansion sur les March\u00e9s Asiatiques avec des Solutions Technologiques Avanc\u00e9es\",\"datePublished\":\"2025-06-05T08:19:13+00:00\",\"dateModified\":\"2026-03-24T09:24:55+00:00\",\"mainEntityOfPage\":{\"@id\":\"https:\\\/\\\/www.promec-srl.com\\\/fr\\\/promec-group-au-propak-asia-2025-expansion-sur-les-marches-asiatiques-avec-des-solutions-technologiques-avancees\\\/\"},\"wordCount\":259,\"image\":{\"@id\":\"https:\\\/\\\/www.promec-srl.com\\\/fr\\\/promec-group-au-propak-asia-2025-expansion-sur-les-marches-asiatiques-avec-des-solutions-technologiques-avancees\\\/#primaryimage\"},\"thumbnailUrl\":\"https:\\\/\\\/www.promec-srl.com\\\/wp-content\\\/uploads\\\/2025\\\/06\\\/Visual-ProPack-2025-e1749115652570.jpg\",\"articleSection\":[\"News\"],\"inLanguage\":\"fr-FR\"},{\"@type\":\"WebPage\",\"@id\":\"https:\\\/\\\/www.promec-srl.com\\\/fr\\\/promec-group-au-propak-asia-2025-expansion-sur-les-marches-asiatiques-avec-des-solutions-technologiques-avancees\\\/\",\"url\":\"https:\\\/\\\/www.promec-srl.com\\\/fr\\\/promec-group-au-propak-asia-2025-expansion-sur-les-marches-asiatiques-avec-des-solutions-technologiques-avancees\\\/\",\"name\":\"Promec Group au Propak Asia 2025: Expansion sur les March\u00e9s Asiatiques avec des Solutions Technologiques Avanc\u00e9es - Promec\",\"isPartOf\":{\"@id\":\"https:\\\/\\\/www.promec-srl.com\\\/#website\"},\"primaryImageOfPage\":{\"@id\":\"https:\\\/\\\/www.promec-srl.com\\\/fr\\\/promec-group-au-propak-asia-2025-expansion-sur-les-marches-asiatiques-avec-des-solutions-technologiques-avancees\\\/#primaryimage\"},\"image\":{\"@id\":\"https:\\\/\\\/www.promec-srl.com\\\/fr\\\/promec-group-au-propak-asia-2025-expansion-sur-les-marches-asiatiques-avec-des-solutions-technologiques-avancees\\\/#primaryimage\"},\"thumbnailUrl\":\"https:\\\/\\\/www.promec-srl.com\\\/wp-content\\\/uploads\\\/2025\\\/06\\\/Visual-ProPack-2025-e1749115652570.jpg\",\"datePublished\":\"2025-06-05T08:19:13+00:00\",\"dateModified\":\"2026-03-24T09:24:55+00:00\",\"author\":{\"@id\":\"https:\\\/\\\/www.promec-srl.com\\\/#\\\/schema\\\/person\\\/44f25bb0b541a0c06a07ce5ec17f2098\"},\"breadcrumb\":{\"@id\":\"https:\\\/\\\/www.promec-srl.com\\\/fr\\\/promec-group-au-propak-asia-2025-expansion-sur-les-marches-asiatiques-avec-des-solutions-technologiques-avancees\\\/#breadcrumb\"},\"inLanguage\":\"fr-FR\",\"potentialAction\":[{\"@type\":\"ReadAction\",\"target\":[\"https:\\\/\\\/www.promec-srl.com\\\/fr\\\/promec-group-au-propak-asia-2025-expansion-sur-les-marches-asiatiques-avec-des-solutions-technologiques-avancees\\\/\"]}]},{\"@type\":\"ImageObject\",\"inLanguage\":\"fr-FR\",\"@id\":\"https:\\\/\\\/www.promec-srl.com\\\/fr\\\/promec-group-au-propak-asia-2025-expansion-sur-les-marches-asiatiques-avec-des-solutions-technologiques-avancees\\\/#primaryimage\",\"url\":\"https:\\\/\\\/www.promec-srl.com\\\/wp-content\\\/uploads\\\/2025\\\/06\\\/Visual-ProPack-2025-e1749115652570.jpg\",\"contentUrl\":\"https:\\\/\\\/www.promec-srl.com\\\/wp-content\\\/uploads\\\/2025\\\/06\\\/Visual-ProPack-2025-e1749115652570.jpg\",\"width\":1500,\"height\":1000,\"caption\":\"Promec Group a Propak Asia 2025\"},{\"@type\":\"BreadcrumbList\",\"@id\":\"https:\\\/\\\/www.promec-srl.com\\\/fr\\\/promec-group-au-propak-asia-2025-expansion-sur-les-marches-asiatiques-avec-des-solutions-technologiques-avancees\\\/#breadcrumb\",\"itemListElement\":[{\"@type\":\"ListItem\",\"position\":1,\"name\":\"Home\",\"item\":\"https:\\\/\\\/www.promec-srl.com\\\/fr\\\/\"},{\"@type\":\"ListItem\",\"position\":2,\"name\":\"Promec Group au Propak Asia 2025: Expansion sur les March\u00e9s Asiatiques avec des Solutions Technologiques Avanc\u00e9es\"}]},{\"@type\":\"WebSite\",\"@id\":\"https:\\\/\\\/www.promec-srl.com\\\/#website\",\"url\":\"https:\\\/\\\/www.promec-srl.com\\\/\",\"name\":\"Promec\",\"description\":\"IL PARTNER IDEALE PER LA REALIZZAZIONE DI IMPIANTI COMPLETI DI IMBOTTIGLIAMENTO\",\"potentialAction\":[{\"@type\":\"SearchAction\",\"target\":{\"@type\":\"EntryPoint\",\"urlTemplate\":\"https:\\\/\\\/www.promec-srl.com\\\/?s={search_term_string}\"},\"query-input\":{\"@type\":\"PropertyValueSpecification\",\"valueRequired\":true,\"valueName\":\"search_term_string\"}}],\"inLanguage\":\"fr-FR\"},{\"@type\":\"Person\",\"@id\":\"https:\\\/\\\/www.promec-srl.com\\\/#\\\/schema\\\/person\\\/44f25bb0b541a0c06a07ce5ec17f2098\",\"name\":\"Promec\",\"image\":{\"@type\":\"ImageObject\",\"inLanguage\":\"fr-FR\",\"@id\":\"https:\\\/\\\/secure.gravatar.com\\\/avatar\\\/1cf3a36fc96ccc21223618649a6252d814936e3e7faec047d4aa937f9a76b6c7?s=96&d=mm&r=g\",\"url\":\"https:\\\/\\\/secure.gravatar.com\\\/avatar\\\/1cf3a36fc96ccc21223618649a6252d814936e3e7faec047d4aa937f9a76b6c7?s=96&d=mm&r=g\",\"contentUrl\":\"https:\\\/\\\/secure.gravatar.com\\\/avatar\\\/1cf3a36fc96ccc21223618649a6252d814936e3e7faec047d4aa937f9a76b6c7?s=96&d=mm&r=g\",\"caption\":\"Promec\"},\"url\":\"https:\\\/\\\/www.promec-srl.com\\\/fr\\\/author\\\/promec\\\/\"}]}<\/script>\n<!-- \/ Yoast SEO plugin. -->","yoast_head_json":{"title":"Promec Group au Propak Asia 2025: Expansion sur les March\u00e9s Asiatiques avec des Solutions Technologiques Avanc\u00e9es - Promec","robots":{"index":"index","follow":"follow","max-snippet":"max-snippet:-1","max-image-preview":"max-image-preview:large","max-video-preview":"max-video-preview:-1"},"canonical":"https:\/\/www.promec-srl.com\/fr\/promec-group-au-propak-asia-2025-expansion-sur-les-marches-asiatiques-avec-des-solutions-technologiques-avancees\/","og_locale":"fr_FR","og_type":"article","og_title":"Promec Group au Propak Asia 2025: Expansion sur les March\u00e9s Asiatiques avec des Solutions Technologiques Avanc\u00e9es - Promec","og_description":"Le Groupe Promec sera pr\u00e9sent du 11 au 14 juin 2025 \u00e0 Propak Asia 2025, le plus important salon d'Asie du Sud-Est consacr\u00e9 aux secteurs de l'alimentation, des boissons et des produits pharmaceutiques. Il s'agit d'un salon de port\u00e9e internationale, qui va bien au-del\u00e0 du march\u00e9 tha\u00eflandais et concerne toute l'Asie : de la Chine [&hellip;]","og_url":"https:\/\/www.promec-srl.com\/fr\/promec-group-au-propak-asia-2025-expansion-sur-les-marches-asiatiques-avec-des-solutions-technologiques-avancees\/","og_site_name":"Promec","article_published_time":"2025-06-05T08:19:13+00:00","article_modified_time":"2026-03-24T09:24:55+00:00","og_image":[{"width":1500,"height":1000,"url":"https:\/\/www.promec-srl.com\/wp-content\/uploads\/2025\/06\/Visual-ProPack-2025-e1749115652570.jpg","type":"image\/jpeg"}],"author":"Promec","twitter_card":"summary_large_image","twitter_misc":{"\u00c9crit par":"Promec","Dur\u00e9e de lecture estim\u00e9e":"1 minute"},"schema":{"@context":"https:\/\/schema.org","@graph":[{"@type":"Article","@id":"https:\/\/www.promec-srl.com\/fr\/promec-group-au-propak-asia-2025-expansion-sur-les-marches-asiatiques-avec-des-solutions-technologiques-avancees\/#article","isPartOf":{"@id":"https:\/\/www.promec-srl.com\/fr\/promec-group-au-propak-asia-2025-expansion-sur-les-marches-asiatiques-avec-des-solutions-technologiques-avancees\/"},"author":{"name":"Promec","@id":"https:\/\/www.promec-srl.com\/#\/schema\/person\/44f25bb0b541a0c06a07ce5ec17f2098"},"headline":"Promec Group au Propak Asia 2025: Expansion sur les March\u00e9s Asiatiques avec des Solutions Technologiques Avanc\u00e9es","datePublished":"2025-06-05T08:19:13+00:00","dateModified":"2026-03-24T09:24:55+00:00","mainEntityOfPage":{"@id":"https:\/\/www.promec-srl.com\/fr\/promec-group-au-propak-asia-2025-expansion-sur-les-marches-asiatiques-avec-des-solutions-technologiques-avancees\/"},"wordCount":259,"image":{"@id":"https:\/\/www.promec-srl.com\/fr\/promec-group-au-propak-asia-2025-expansion-sur-les-marches-asiatiques-avec-des-solutions-technologiques-avancees\/#primaryimage"},"thumbnailUrl":"https:\/\/www.promec-srl.com\/wp-content\/uploads\/2025\/06\/Visual-ProPack-2025-e1749115652570.jpg","articleSection":["News"],"inLanguage":"fr-FR"},{"@type":"WebPage","@id":"https:\/\/www.promec-srl.com\/fr\/promec-group-au-propak-asia-2025-expansion-sur-les-marches-asiatiques-avec-des-solutions-technologiques-avancees\/","url":"https:\/\/www.promec-srl.com\/fr\/promec-group-au-propak-asia-2025-expansion-sur-les-marches-asiatiques-avec-des-solutions-technologiques-avancees\/","name":"Promec Group au Propak Asia 2025: Expansion sur les March\u00e9s Asiatiques avec des Solutions Technologiques Avanc\u00e9es - Promec","isPartOf":{"@id":"https:\/\/www.promec-srl.com\/#website"},"primaryImageOfPage":{"@id":"https:\/\/www.promec-srl.com\/fr\/promec-group-au-propak-asia-2025-expansion-sur-les-marches-asiatiques-avec-des-solutions-technologiques-avancees\/#primaryimage"},"image":{"@id":"https:\/\/www.promec-srl.com\/fr\/promec-group-au-propak-asia-2025-expansion-sur-les-marches-asiatiques-avec-des-solutions-technologiques-avancees\/#primaryimage"},"thumbnailUrl":"https:\/\/www.promec-srl.com\/wp-content\/uploads\/2025\/06\/Visual-ProPack-2025-e1749115652570.jpg","datePublished":"2025-06-05T08:19:13+00:00","dateModified":"2026-03-24T09:24:55+00:00","author":{"@id":"https:\/\/www.promec-srl.com\/#\/schema\/person\/44f25bb0b541a0c06a07ce5ec17f2098"},"breadcrumb":{"@id":"https:\/\/www.promec-srl.com\/fr\/promec-group-au-propak-asia-2025-expansion-sur-les-marches-asiatiques-avec-des-solutions-technologiques-avancees\/#breadcrumb"},"inLanguage":"fr-FR","potentialAction":[{"@type":"ReadAction","target":["https:\/\/www.promec-srl.com\/fr\/promec-group-au-propak-asia-2025-expansion-sur-les-marches-asiatiques-avec-des-solutions-technologiques-avancees\/"]}]},{"@type":"ImageObject","inLanguage":"fr-FR","@id":"https:\/\/www.promec-srl.com\/fr\/promec-group-au-propak-asia-2025-expansion-sur-les-marches-asiatiques-avec-des-solutions-technologiques-avancees\/#primaryimage","url":"https:\/\/www.promec-srl.com\/wp-content\/uploads\/2025\/06\/Visual-ProPack-2025-e1749115652570.jpg","contentUrl":"https:\/\/www.promec-srl.com\/wp-content\/uploads\/2025\/06\/Visual-ProPack-2025-e1749115652570.jpg","width":1500,"height":1000,"caption":"Promec Group a Propak Asia 2025"},{"@type":"BreadcrumbList","@id":"https:\/\/www.promec-srl.com\/fr\/promec-group-au-propak-asia-2025-expansion-sur-les-marches-asiatiques-avec-des-solutions-technologiques-avancees\/#breadcrumb","itemListElement":[{"@type":"ListItem","position":1,"name":"Home","item":"https:\/\/www.promec-srl.com\/fr\/"},{"@type":"ListItem","position":2,"name":"Promec Group au Propak Asia 2025: Expansion sur les March\u00e9s Asiatiques avec des Solutions Technologiques Avanc\u00e9es"}]},{"@type":"WebSite","@id":"https:\/\/www.promec-srl.com\/#website","url":"https:\/\/www.promec-srl.com\/","name":"Promec","description":"IL PARTNER IDEALE PER LA REALIZZAZIONE DI IMPIANTI COMPLETI DI IMBOTTIGLIAMENTO","potentialAction":[{"@type":"SearchAction","target":{"@type":"EntryPoint","urlTemplate":"https:\/\/www.promec-srl.com\/?s={search_term_string}"},"query-input":{"@type":"PropertyValueSpecification","valueRequired":true,"valueName":"search_term_string"}}],"inLanguage":"fr-FR"},{"@type":"Person","@id":"https:\/\/www.promec-srl.com\/#\/schema\/person\/44f25bb0b541a0c06a07ce5ec17f2098","name":"Promec","image":{"@type":"ImageObject","inLanguage":"fr-FR","@id":"https:\/\/secure.gravatar.com\/avatar\/1cf3a36fc96ccc21223618649a6252d814936e3e7faec047d4aa937f9a76b6c7?s=96&d=mm&r=g","url":"https:\/\/secure.gravatar.com\/avatar\/1cf3a36fc96ccc21223618649a6252d814936e3e7faec047d4aa937f9a76b6c7?s=96&d=mm&r=g","contentUrl":"https:\/\/secure.gravatar.com\/avatar\/1cf3a36fc96ccc21223618649a6252d814936e3e7faec047d4aa937f9a76b6c7?s=96&d=mm&r=g","caption":"Promec"},"url":"https:\/\/www.promec-srl.com\/fr\/author\/promec\/"}]}},"_links":{"self":[{"href":"https:\/\/www.promec-srl.com\/fr\/wp-json\/wp\/v2\/posts\/26483","targetHints":{"allow":["GET"]}}],"collection":[{"href":"https:\/\/www.promec-srl.com\/fr\/wp-json\/wp\/v2\/posts"}],"about":[{"href":"https:\/\/www.promec-srl.com\/fr\/wp-json\/wp\/v2\/types\/post"}],"author":[{"embeddable":true,"href":"https:\/\/www.promec-srl.com\/fr\/wp-json\/wp\/v2\/users\/10"}],"replies":[{"embeddable":true,"href":"https:\/\/www.promec-srl.com\/fr\/wp-json\/wp\/v2\/comments?post=26483"}],"version-history":[{"count":0,"href":"https:\/\/www.promec-srl.com\/fr\/wp-json\/wp\/v2\/posts\/26483\/revisions"}],"wp:featuredmedia":[{"embeddable":true,"href":"https:\/\/www.promec-srl.com\/fr\/wp-json\/wp\/v2\/media\/26475"}],"wp:attachment":[{"href":"https:\/\/www.promec-srl.com\/fr\/wp-json\/wp\/v2\/media?parent=26483"}],"wp:term":[{"taxonomy":"category","embeddable":true,"href":"https:\/\/www.promec-srl.com\/fr\/wp-json\/wp\/v2\/categories?post=26483"},{"taxonomy":"post_tag","embeddable":true,"href":"https:\/\/www.promec-srl.com\/fr\/wp-json\/wp\/v2\/tags?post=26483"}],"curies":[{"name":"wp","href":"https:\/\/api.w.org\/{rel}","templated":true}]}}